{"id":1198,"date":"2014-11-28T13:00:54","date_gmt":"2014-11-28T12:00:54","guid":{"rendered":"http:\/\/www.stefaneguilbaud.com\/blog\/?p=1198"},"modified":"2014-11-28T15:42:21","modified_gmt":"2014-11-28T14:42:21","slug":"un-ptit-cafe","status":"publish","type":"post","link":"https:\/\/www.stefaneguilbaud.com\/blog\/?p=1198","title":{"rendered":"Un p&rsquo;tit caf\u00e9 ?"},"content":{"rendered":"<p>Thierry Souccar me faisait remarquer la pol\u00e9mique g\u00e9n\u00e9r\u00e9e par une\u00a0blogueuse am\u00e9ricaine,<br \/>\n<span class=\"userContent\">qui d\u00e9voile la liste des additifs des boissons servies par la cha\u00eene Starbucks.<br \/>\n<\/span>\u00c0 son actif, le <strong>Pumpkin Spice Latte<\/strong> !<\/p>\n<p><a href=\"http:\/\/foodbabe.com\/2014\/09\/02\/drink-starbucks-wake-up-and-smell-the-chemicals\/\" target=\"_blank\">Voir l&rsquo;article original<\/a><\/p>\n<p>Mais il serait dommage de se priver de la traduction en Fran\u00e7ais. En voici donc une :<br \/>\n<a href=\"https:\/\/i0.wp.com\/www.stefaneguilbaud.com\/blog\/wp-content\/uploads\/2014\/11\/FR.jpg\"><img data-recalc-dims=\"1\" loading=\"lazy\" decoding=\"async\" class=\"alignnone wp-image-1203 size-full\" src=\"https:\/\/i0.wp.com\/www.stefaneguilbaud.com\/blog\/wp-content\/uploads\/2014\/11\/FR.jpg?resize=640%2C640\" alt=\"\" width=\"640\" height=\"640\" srcset=\"https:\/\/i0.wp.com\/www.stefaneguilbaud.com\/blog\/wp-content\/uploads\/2014\/11\/FR.jpg?w=640&amp;ssl=1 640w, https:\/\/i0.wp.com\/www.stefaneguilbaud.com\/blog\/wp-content\/uploads\/2014\/11\/FR.jpg?resize=150%2C150&amp;ssl=1 150w, https:\/\/i0.wp.com\/www.stefaneguilbaud.com\/blog\/wp-content\/uploads\/2014\/11\/FR.jpg?resize=300%2C300&amp;ssl=1 300w, https:\/\/i0.wp.com\/www.stefaneguilbaud.com\/blog\/wp-content\/uploads\/2014\/11\/FR.jpg?resize=144%2C144&amp;ssl=1 144w\" sizes=\"auto, (max-width: 640px) 100vw, 640px\" \/><\/a><\/p>\n","protected":false},"excerpt":{"rendered":"<p>Thierry Souccar me faisait remarquer la pol\u00e9mique g\u00e9n\u00e9r\u00e9e par une\u00a0blogueuse am\u00e9ricaine, qui d\u00e9voile la liste des additifs des boissons servies par la cha\u00eene Starbucks. \u00c0 &hellip; <\/p>\n","protected":false},"author":1,"featured_media":215,"comment_status":"open","ping_status":"open","sticky":false,"template":"","format":"standard","meta":{"_exactmetrics_skip_tracking":false,"_exactmetrics_sitenote_active":false,"_exactmetrics_sitenote_note":"","_exactmetrics_sitenote_category":0,"jetpack_post_was_ever_published":false,"_jetpack_newsletter_access":"","_jetpack_dont_email_post_to_subs":false,"_jetpack_newsletter_tier_id":0,"_jetpack_memberships_contains_paywalled_content":false,"_jetpack_memberships_contains_paid_content":false,"footnotes":"","jetpack_publicize_message":"","jetpack_publicize_feature_enabled":true,"jetpack_social_post_already_shared":false,"jetpack_social_options":{"image_generator_settings":{"template":"highway","default_image_id":0,"font":"","enabled":false},"version":2}},"categories":[8,7],"tags":[],"class_list":["post-1198","post","type-post","status-publish","format-standard","has-post-thumbnail","hentry","category-actualites","category-coups-de-gueule"],"jetpack_publicize_connections":[],"jetpack_featured_media_url":"https:\/\/i0.wp.com\/www.stefaneguilbaud.com\/blog\/wp-content\/uploads\/2013\/11\/coupdegueule.jpg?fit=800%2C435&ssl=1","jetpack_sharing_enabled":true,"jetpack_shortlink":"https:\/\/wp.me\/p8a0UX-jk","jetpack-related-posts":[{"id":3519,"url":"https:\/\/www.stefaneguilbaud.com\/blog\/?p=3519","url_meta":{"origin":1198,"position":0},"title":"Y a-t-il encore des produits sains dans les supermarch\u00e9s ?","author":"SG","date":"17 f\u00e9vrier 2021","format":false,"excerpt":"Dans le \"Journal Des Bonnes Nouvelles\", chaque mois, je r\u00e9pond \u00e0 une question pos\u00e9e par les lecteurs, voici celle de F\u00e9vrier 2021. [Sommaire des articles parus]. Question : Y a-t-il encore des produits sains dans les supermarch\u00e9s ? M\u00e9lanie, 57 ans, mari\u00e9e, grand-m\u00e8re. C\u2019est une question tr\u00e8s int\u00e9ressante, car elle\u2026","rel":"","context":"Dans &quot;Alimentation&quot;","block_context":{"text":"Alimentation","link":"https:\/\/www.stefaneguilbaud.com\/blog\/?cat=1"},"img":{"alt_text":"","src":"https:\/\/i0.wp.com\/www.stefaneguilbaud.com\/blog\/wp-content\/uploads\/2021\/08\/jdbn0221.jpg?fit=800%2C435&ssl=1&resize=350%2C200","width":350,"height":200,"srcset":"https:\/\/i0.wp.com\/www.stefaneguilbaud.com\/blog\/wp-content\/uploads\/2021\/08\/jdbn0221.jpg?fit=800%2C435&ssl=1&resize=350%2C200 1x, https:\/\/i0.wp.com\/www.stefaneguilbaud.com\/blog\/wp-content\/uploads\/2021\/08\/jdbn0221.jpg?fit=800%2C435&ssl=1&resize=525%2C300 1.5x, https:\/\/i0.wp.com\/www.stefaneguilbaud.com\/blog\/wp-content\/uploads\/2021\/08\/jdbn0221.jpg?fit=800%2C435&ssl=1&resize=700%2C400 2x"},"classes":[]},{"id":1269,"url":"https:\/\/www.stefaneguilbaud.com\/blog\/?p=1269","url_meta":{"origin":1198,"position":1},"title":"Pourquoi les N\u00e9erlandais sont-ils si grands ?","author":"SG","date":"13 avril 2015","format":false,"excerpt":"Une \u00e9tude publi\u00e9e le 8 avril 2015 par la revue scientifique britannique Royal Society , nous informe, entres autres que les N\u00e9erlandais ont sur les 150 derni\u00e8res ann\u00e9es, connu une croissance de 20 cm (contre seulement 6 cm pour les Am\u00e9ricains*), soit aux Pays-Bas, nous constatons aujourd'hui 1,71 m pour\u2026","rel":"","context":"Dans &quot;Actualit\u00e9s&quot;","block_context":{"text":"Actualit\u00e9s","link":"https:\/\/www.stefaneguilbaud.com\/blog\/?cat=8"},"img":{"alt_text":"","src":"https:\/\/i0.wp.com\/www.stefaneguilbaud.com\/blog\/wp-content\/uploads\/2010\/01\/laitages.jpg?fit=800%2C435&ssl=1&resize=350%2C200","width":350,"height":200,"srcset":"https:\/\/i0.wp.com\/www.stefaneguilbaud.com\/blog\/wp-content\/uploads\/2010\/01\/laitages.jpg?fit=800%2C435&ssl=1&resize=350%2C200 1x, https:\/\/i0.wp.com\/www.stefaneguilbaud.com\/blog\/wp-content\/uploads\/2010\/01\/laitages.jpg?fit=800%2C435&ssl=1&resize=525%2C300 1.5x, https:\/\/i0.wp.com\/www.stefaneguilbaud.com\/blog\/wp-content\/uploads\/2010\/01\/laitages.jpg?fit=800%2C435&ssl=1&resize=700%2C400 2x"},"classes":[]},{"id":827,"url":"https:\/\/www.stefaneguilbaud.com\/blog\/?p=827","url_meta":{"origin":1198,"position":2},"title":"Lanceur d&rsquo;alerte enfin\u2026","author":"SG","date":"7 janvier 2014","format":false,"excerpt":"Enfin le lanceur d\u2019alerte est prot\u00e9g\u00e9. Vous savez, un lanceur d\u2019alerte est une personne, de bonne foi qui se retrouve partag\u00e9e entre sa fonction et sa conscience. Elle est en possession d\u2019une information qu\u2019elle juge si importante ou grave pour la s\u00e9curit\u00e9 sanitaire qu\u2019elle ne peut la garder pour elle.\u2026","rel":"","context":"Dans &quot;Actualit\u00e9s&quot;","block_context":{"text":"Actualit\u00e9s","link":"https:\/\/www.stefaneguilbaud.com\/blog\/?cat=8"},"img":{"alt_text":"","src":"https:\/\/i0.wp.com\/www.stefaneguilbaud.com\/blog\/wp-content\/uploads\/2014\/01\/grenade.jpg?fit=800%2C435&ssl=1&resize=350%2C200","width":350,"height":200,"srcset":"https:\/\/i0.wp.com\/www.stefaneguilbaud.com\/blog\/wp-content\/uploads\/2014\/01\/grenade.jpg?fit=800%2C435&ssl=1&resize=350%2C200 1x, https:\/\/i0.wp.com\/www.stefaneguilbaud.com\/blog\/wp-content\/uploads\/2014\/01\/grenade.jpg?fit=800%2C435&ssl=1&resize=525%2C300 1.5x, https:\/\/i0.wp.com\/www.stefaneguilbaud.com\/blog\/wp-content\/uploads\/2014\/01\/grenade.jpg?fit=800%2C435&ssl=1&resize=700%2C400 2x"},"classes":[]},{"id":403,"url":"https:\/\/www.stefaneguilbaud.com\/blog\/?p=403","url_meta":{"origin":1198,"position":3},"title":"La sant\u00e9 passe par le tube digestif","author":"SG","date":"5 mars 2010","format":false,"excerpt":"Le tube digestif est un organe tr\u00e8s \"intelligent\". Il se souvient de tout. On peut difficilement le tromper et pourtant on le maltraite. \"Les processus physiologiques concernant l'absorption et le m\u00e9tabolisme des nutriments permet de mieux aborder toute une s\u00e9rie de troubles\". Voici le th\u00e8me d'une conf\u00e9rence donn\u00e9e par le\u2026","rel":"","context":"Dans &quot;Alimentation&quot;","block_context":{"text":"Alimentation","link":"https:\/\/www.stefaneguilbaud.com\/blog\/?cat=1"},"img":{"alt_text":"","src":"https:\/\/i0.wp.com\/www.stefaneguilbaud.com\/blog\/wp-content\/uploads\/2013\/11\/couple.jpg?fit=800%2C435&ssl=1&resize=350%2C200","width":350,"height":200,"srcset":"https:\/\/i0.wp.com\/www.stefaneguilbaud.com\/blog\/wp-content\/uploads\/2013\/11\/couple.jpg?fit=800%2C435&ssl=1&resize=350%2C200 1x, https:\/\/i0.wp.com\/www.stefaneguilbaud.com\/blog\/wp-content\/uploads\/2013\/11\/couple.jpg?fit=800%2C435&ssl=1&resize=525%2C300 1.5x, https:\/\/i0.wp.com\/www.stefaneguilbaud.com\/blog\/wp-content\/uploads\/2013\/11\/couple.jpg?fit=800%2C435&ssl=1&resize=700%2C400 2x"},"classes":[]},{"id":1929,"url":"https:\/\/www.stefaneguilbaud.com\/blog\/?p=1929","url_meta":{"origin":1198,"position":4},"title":"Et si demain \u00e9tait un autre jour","author":"SG","date":"4 mars 2016","format":false,"excerpt":"Voici\u00a0 une reprise de mon article paru sur femininbio.fr, le 5\u00a0 f\u00e9vrier 2016 Droits exclusifs www.femininbio.fr. Reproduction interdite sans autorisation. Tribune libre - J\u2019ai vu le film \u00ab Demain \u00bb, tout comme d\u00e9j\u00e0 plus de 370\u2009000 spectateurs. Sans jeu de mots, il y aura pour moi, un avant et un\u2026","rel":"","context":"Dans &quot;Actualit\u00e9s&quot;","block_context":{"text":"Actualit\u00e9s","link":"https:\/\/www.stefaneguilbaud.com\/blog\/?cat=8"},"img":{"alt_text":"","src":"https:\/\/i0.wp.com\/www.stefaneguilbaud.com\/blog\/wp-content\/uploads\/2016\/03\/etsidemain.jpg?fit=800%2C435&ssl=1&resize=350%2C200","width":350,"height":200,"srcset":"https:\/\/i0.wp.com\/www.stefaneguilbaud.com\/blog\/wp-content\/uploads\/2016\/03\/etsidemain.jpg?fit=800%2C435&ssl=1&resize=350%2C200 1x, https:\/\/i0.wp.com\/www.stefaneguilbaud.com\/blog\/wp-content\/uploads\/2016\/03\/etsidemain.jpg?fit=800%2C435&ssl=1&resize=525%2C300 1.5x, https:\/\/i0.wp.com\/www.stefaneguilbaud.com\/blog\/wp-content\/uploads\/2016\/03\/etsidemain.jpg?fit=800%2C435&ssl=1&resize=700%2C400 2x"},"classes":[]},{"id":172,"url":"https:\/\/www.stefaneguilbaud.com\/blog\/?p=172","url_meta":{"origin":1198,"position":5},"title":"Bruxelles inflige 28 millions d&rsquo;euros d&rsquo;amende \u00e0 un \u00abcartel de la crevette\u00bb","author":"SG","date":"27 novembre 2013","format":false,"excerpt":"\u00a020 Minutes.\u00a027\/11\/2013 \u00e0 13h00 JUSTICE - La Commission europ\u00e9enne a inflig\u00e9 mercredi une amende de pr\u00e8s de 30 millions \u00e0 quatre n\u00e9gociants... La Commission europ\u00e9enne a inflig\u00e9 mercredi une amende de 28,7 millions d'euros \u00e0 quatre n\u00e9gociants en crevettes de la mer du Nord pour leur participation \u00e0 une entente\u2026","rel":"","context":"Dans &quot;Actualit\u00e9s&quot;","block_context":{"text":"Actualit\u00e9s","link":"https:\/\/www.stefaneguilbaud.com\/blog\/?cat=8"},"img":{"alt_text":"","src":"https:\/\/i0.wp.com\/www.stefaneguilbaud.com\/blog\/wp-content\/uploads\/2013\/11\/journaux.jpg?fit=800%2C435&ssl=1&resize=350%2C200","width":350,"height":200,"srcset":"https:\/\/i0.wp.com\/www.stefaneguilbaud.com\/blog\/wp-content\/uploads\/2013\/11\/journaux.jpg?fit=800%2C435&ssl=1&resize=350%2C200 1x, https:\/\/i0.wp.com\/www.stefaneguilbaud.com\/blog\/wp-content\/uploads\/2013\/11\/journaux.jpg?fit=800%2C435&ssl=1&resize=525%2C300 1.5x, https:\/\/i0.wp.com\/www.stefaneguilbaud.com\/blog\/wp-content\/uploads\/2013\/11\/journaux.jpg?fit=800%2C435&ssl=1&resize=700%2C400 2x"},"classes":[]}],"jetpack_likes_enabled":true,"_links":{"self":[{"href":"https:\/\/www.stefaneguilbaud.com\/blog\/index.php?rest_route=\/wp\/v2\/posts\/1198","targetHints":{"allow":["GET"]}}],"collection":[{"href":"https:\/\/www.stefaneguilbaud.com\/blog\/index.php?rest_route=\/wp\/v2\/posts"}],"about":[{"href":"https:\/\/www.stefaneguilbaud.com\/blog\/index.php?rest_route=\/wp\/v2\/types\/post"}],"author":[{"embeddable":true,"href":"https:\/\/www.stefaneguilbaud.com\/blog\/index.php?rest_route=\/wp\/v2\/users\/1"}],"replies":[{"embeddable":true,"href":"https:\/\/www.stefaneguilbaud.com\/blog\/index.php?rest_route=%2Fwp%2Fv2%2Fcomments&post=1198"}],"version-history":[{"count":3,"href":"https:\/\/www.stefaneguilbaud.com\/blog\/index.php?rest_route=\/wp\/v2\/posts\/1198\/revisions"}],"predecessor-version":[{"id":1204,"href":"https:\/\/www.stefaneguilbaud.com\/blog\/index.php?rest_route=\/wp\/v2\/posts\/1198\/revisions\/1204"}],"wp:featuredmedia":[{"embeddable":true,"href":"https:\/\/www.stefaneguilbaud.com\/blog\/index.php?rest_route=\/wp\/v2\/media\/215"}],"wp:attachment":[{"href":"https:\/\/www.stefaneguilbaud.com\/blog\/index.php?rest_route=%2Fwp%2Fv2%2Fmedia&parent=1198"}],"wp:term":[{"taxonomy":"category","embeddable":true,"href":"https:\/\/www.stefaneguilbaud.com\/blog\/index.php?rest_route=%2Fwp%2Fv2%2Fcategories&post=1198"},{"taxonomy":"post_tag","embeddable":true,"href":"https:\/\/www.stefaneguilbaud.com\/blog\/index.php?rest_route=%2Fwp%2Fv2%2Ftags&post=1198"}],"curies":[{"name":"wp","href":"https:\/\/api.w.org\/{rel}","templated":true}]}}