{"id":1021,"date":"2014-04-04T05:00:19","date_gmt":"2014-04-04T04:00:19","guid":{"rendered":"http:\/\/www.stefaneguilbaud.com\/blog\/?p=1021"},"modified":"2014-04-04T08:19:10","modified_gmt":"2014-04-04T07:19:10","slug":"aspartame-produit-nocif","status":"publish","type":"post","link":"https:\/\/www.stefaneguilbaud.com\/blog\/?p=1021","title":{"rendered":"Aspartame, produit nocif ?"},"content":{"rendered":"<p><a href=\"https:\/\/i0.wp.com\/www.stefaneguilbaud.com\/blog\/wp-content\/uploads\/2014\/04\/chimie.jpg\"><img data-recalc-dims=\"1\" loading=\"lazy\" decoding=\"async\" class=\"size-full wp-image-1024 alignleft\" alt=\"chimie\" src=\"https:\/\/i0.wp.com\/www.stefaneguilbaud.com\/blog\/wp-content\/uploads\/2014\/04\/chimie.jpg?resize=250%2C119\" width=\"250\" height=\"119\" \/><\/a><a href=\"http:\/\/www.stefaneguilbaud.com\/blog\/?s=aspartam\" target=\"_blank\">Les sujets sur l&rsquo;aspartame ne manquent pas sur ce blog.<\/a><\/p>\n<p><strong>Pour ou contre, voici une information compl\u00e9mentaire\u2026<\/strong><br \/>Personne n\u2019est insensible aux \u00e9ventuels effets de l\u2019aspartame, dont la toxicit\u00e9 neurologique semble bien connue des scientifiques.<br \/>Cette substance intrigue et sa mise sur le march\u00e9, malgr\u00e9 l\u2019avis d\u00e9favorable de la FDA (Food and Drug Administration) est troublant.<br \/>Aucun d\u00e9bat d\u2019opinion n\u2019aboutit tandis que l\u2019industrie alimentaire inonde le march\u00e9 \u00ab\u00a0sans sucre\u00a0\u00bb de cet \u00ab\u00a0or blanc\u00a0\u00bb et il n\u2019est pas rare de constater que les louanges de ce produit ne sont pas totalement d\u00e9pourvues d\u2019int\u00e9r\u00eats. Les industriels refusent de r\u00e9pondre clairement aux motivations du choix de cet ingr\u00e9dient et peu gardent \u00e0 l\u2019esprit que les pays occidentaux, grands consommateurs de malbouffe et de produits chimiques, sont tr\u00e8s touch\u00e9s par le cancer.<br \/>Pas de d\u00e9bat impartial sur la place publique\u2009? Utopie ! Mais pour se faire sa propre opinion, nous ne devons pas ignorer que <strong>sa mise sur le march\u00e9 a \u00e9t\u00e9 autoris\u00e9e peu apr\u00e8s la nomination de Donald Rumsfeld, ancien PDG de l\u2019entreprise\u2026 fabriquant de cet \u00e9dulcorant<\/strong> (\u00e0 l\u2019\u00e9poque au sein du gouvernement Reagan).<\/p>\n<p><span style=\"font-size: x-small;\">Merci \u00e0 <em>Christilla Pell\u00e9 Douel<\/em> | Psychologies.com<\/span><\/p>\n","protected":false},"excerpt":{"rendered":"<p>Les sujets sur l&rsquo;aspartame ne manquent pas sur ce blog. Pour ou contre, voici une information compl\u00e9mentaire\u2026Personne n\u2019est insensible aux \u00e9ventuels effets de l\u2019aspartame, dont &hellip; <\/p>\n","protected":false},"author":1,"featured_media":62,"comment_status":"open","ping_status":"open","sticky":false,"template":"","format":"standard","meta":{"_exactmetrics_skip_tracking":false,"_exactmetrics_sitenote_active":false,"_exactmetrics_sitenote_note":"","_exactmetrics_sitenote_category":0,"jetpack_post_was_ever_published":false,"_jetpack_newsletter_access":"","_jetpack_dont_email_post_to_subs":false,"_jetpack_newsletter_tier_id":0,"_jetpack_memberships_contains_paywalled_content":false,"_jetpack_memberships_contains_paid_content":false,"footnotes":"","jetpack_publicize_message":"","jetpack_publicize_feature_enabled":true,"jetpack_social_post_already_shared":false,"jetpack_social_options":{"image_generator_settings":{"template":"highway","default_image_id":0,"font":"","enabled":false},"version":2}},"categories":[8,7],"tags":[],"class_list":["post-1021","post","type-post","status-publish","format-standard","has-post-thumbnail","hentry","category-actualites","category-coups-de-gueule"],"jetpack_publicize_connections":[],"jetpack_featured_media_url":"https:\/\/i0.wp.com\/www.stefaneguilbaud.com\/blog\/wp-content\/uploads\/2013\/11\/aspartam.jpg?fit=820%2C435&ssl=1","jetpack_sharing_enabled":true,"jetpack_shortlink":"https:\/\/wp.me\/p8a0UX-gt","jetpack-related-posts":[{"id":4053,"url":"https:\/\/www.stefaneguilbaud.com\/blog\/?p=4053","url_meta":{"origin":1021,"position":0},"title":"L&rsquo;aspartame, un faux sucre canc\u00e9rig\u00e8ne ?","author":"SG","date":"7 septembre 2023","format":false,"excerpt":"L'aspartame, un \u00e9dulcorant artificiel pr\u00e9sent dans de nombreux aliments et boissons, a \u00e9t\u00e9 class\u00e9 comme \"possiblement canc\u00e9rog\u00e8ne pour l'homme\" par le Centre international de recherche sur le cancer (CIRC). Cette classification est bas\u00e9e sur des \u00e9tudes qui ont montr\u00e9 un lien possible entre l'exposition \u00e0 l'aspartame et le d\u00e9veloppement de\u2026","rel":"","context":"Dans &quot;Actualit\u00e9s&quot;","block_context":{"text":"Actualit\u00e9s","link":"https:\/\/www.stefaneguilbaud.com\/blog\/?cat=8"},"img":{"alt_text":"","src":"https:\/\/i0.wp.com\/www.stefaneguilbaud.com\/blog\/wp-content\/uploads\/2013\/11\/aspartam.jpg?fit=820%2C435&ssl=1&resize=350%2C200","width":350,"height":200,"srcset":"https:\/\/i0.wp.com\/www.stefaneguilbaud.com\/blog\/wp-content\/uploads\/2013\/11\/aspartam.jpg?fit=820%2C435&ssl=1&resize=350%2C200 1x, https:\/\/i0.wp.com\/www.stefaneguilbaud.com\/blog\/wp-content\/uploads\/2013\/11\/aspartam.jpg?fit=820%2C435&ssl=1&resize=525%2C300 1.5x, https:\/\/i0.wp.com\/www.stefaneguilbaud.com\/blog\/wp-content\/uploads\/2013\/11\/aspartam.jpg?fit=820%2C435&ssl=1&resize=700%2C400 2x"},"classes":[]},{"id":787,"url":"https:\/\/www.stefaneguilbaud.com\/blog\/?p=787","url_meta":{"origin":1021,"position":1},"title":"Aspartam","author":"SG","date":"16 d\u00e9cembre 2013","format":false,"excerpt":"Sophie Caillat pour \u00abRue 89\u00bbLundi 16 d\u00e9cembre 2013 \u00ab\u00a0Il faut que j\u2019arr\u00eate de boire du Coca Light\u00a0?\u00a0\u00bb Telle est la question angoiss\u00e9e de mes coll\u00e8gues \u00e0 laquelle il me faut r\u00e9pondre. Entre ces scientifiques qui vous ordonnent d\u2019arr\u00eater de consommer de l\u2019aspartame et les autorit\u00e9s sanitaires qui continuent de le\u2026","rel":"","context":"Dans &quot;Actualit\u00e9s&quot;","block_context":{"text":"Actualit\u00e9s","link":"https:\/\/www.stefaneguilbaud.com\/blog\/?cat=8"},"img":{"alt_text":"","src":"https:\/\/i0.wp.com\/www.stefaneguilbaud.com\/blog\/wp-content\/uploads\/2013\/11\/aspartam.jpg?fit=820%2C435&ssl=1&resize=350%2C200","width":350,"height":200,"srcset":"https:\/\/i0.wp.com\/www.stefaneguilbaud.com\/blog\/wp-content\/uploads\/2013\/11\/aspartam.jpg?fit=820%2C435&ssl=1&resize=350%2C200 1x, https:\/\/i0.wp.com\/www.stefaneguilbaud.com\/blog\/wp-content\/uploads\/2013\/11\/aspartam.jpg?fit=820%2C435&ssl=1&resize=525%2C300 1.5x, https:\/\/i0.wp.com\/www.stefaneguilbaud.com\/blog\/wp-content\/uploads\/2013\/11\/aspartam.jpg?fit=820%2C435&ssl=1&resize=700%2C400 2x"},"classes":[]},{"id":23,"url":"https:\/\/www.stefaneguilbaud.com\/blog\/?p=23","url_meta":{"origin":1021,"position":2},"title":"Aspartam","author":"SG","date":"13 octobre 2011","format":false,"excerpt":"Le groupement de distribution Syst\u00e8me U va abandonner l'utilisation de l'aspartame dans tous les sodas vendus sous sa marque, \u00e0 partir de janvier, a annonc\u00e9 mercredi son pr\u00e9sident Serge Papin. Cette d\u00e9cision fait suite aux inqui\u00e9tudes de l'Autorit\u00e9 europ\u00e9enne de s\u00e9curit\u00e9 des aliments (EFSA) sur les effets de cet \u00e9dulcorant\u2026","rel":"","context":"Dans &quot;Alimentation&quot;","block_context":{"text":"Alimentation","link":"https:\/\/www.stefaneguilbaud.com\/blog\/?cat=1"},"img":{"alt_text":"","src":"https:\/\/i0.wp.com\/www.stefaneguilbaud.com\/blog\/wp-content\/uploads\/2013\/11\/aspartam.jpg?fit=820%2C435&ssl=1&resize=350%2C200","width":350,"height":200,"srcset":"https:\/\/i0.wp.com\/www.stefaneguilbaud.com\/blog\/wp-content\/uploads\/2013\/11\/aspartam.jpg?fit=820%2C435&ssl=1&resize=350%2C200 1x, https:\/\/i0.wp.com\/www.stefaneguilbaud.com\/blog\/wp-content\/uploads\/2013\/11\/aspartam.jpg?fit=820%2C435&ssl=1&resize=525%2C300 1.5x, https:\/\/i0.wp.com\/www.stefaneguilbaud.com\/blog\/wp-content\/uploads\/2013\/11\/aspartam.jpg?fit=820%2C435&ssl=1&resize=700%2C400 2x"},"classes":[]},{"id":1010,"url":"https:\/\/www.stefaneguilbaud.com\/blog\/?p=1010","url_meta":{"origin":1021,"position":3},"title":"Sciences et Vie, un magazine scientifique ?","author":"SG","date":"25 mars 2014","format":false,"excerpt":"Depuis que j\u2019enseigne le changement de comportements alimentaires, je rencontre tout type d\u2019anxi\u00e9t\u00e9 chez le consommateur. La plus probante reste la somme abrutissante d\u2019information alimentaire. Pauvre mangeur que nous sommes ne s\u2019y retrouve plus et ne sachant plus a quel saint se vouer, nous dansons au fil de l\u2019eau pour\u2026","rel":"","context":"Dans &quot;Alimentation&quot;","block_context":{"text":"Alimentation","link":"https:\/\/www.stefaneguilbaud.com\/blog\/?cat=1"},"img":{"alt_text":"","src":"https:\/\/i0.wp.com\/www.stefaneguilbaud.com\/blog\/wp-content\/uploads\/2014\/03\/SeV.png?fit=800%2C435&ssl=1&resize=350%2C200","width":350,"height":200,"srcset":"https:\/\/i0.wp.com\/www.stefaneguilbaud.com\/blog\/wp-content\/uploads\/2014\/03\/SeV.png?fit=800%2C435&ssl=1&resize=350%2C200 1x, https:\/\/i0.wp.com\/www.stefaneguilbaud.com\/blog\/wp-content\/uploads\/2014\/03\/SeV.png?fit=800%2C435&ssl=1&resize=525%2C300 1.5x, https:\/\/i0.wp.com\/www.stefaneguilbaud.com\/blog\/wp-content\/uploads\/2014\/03\/SeV.png?fit=800%2C435&ssl=1&resize=700%2C400 2x"},"classes":[]},{"id":3979,"url":"https:\/\/www.stefaneguilbaud.com\/blog\/?p=3979","url_meta":{"origin":1021,"position":4},"title":"Un mod\u00e8le publicitaire\u2026 obsol\u00e8te ?","author":"SG","date":"4 mai 2023","format":false,"excerpt":"IN SITU MEDIA AGACUS ! Dans notre soci\u00e9t\u00e9 moderne, la publicit\u00e9 est partout. Elle est pr\u00e9sente dans les rues, \u00e0 la t\u00e9l\u00e9vision, sur Internet et m\u00eame sur nos smartphones. Cette saturation m\u00e8ne \u00e0 un constat simple : de plus en plus de personnes en ont marre de cette omnipr\u00e9sence publicitaire.\u2026","rel":"","context":"Dans &quot;Coups de gueule&quot;","block_context":{"text":"Coups de gueule","link":"https:\/\/www.stefaneguilbaud.com\/blog\/?cat=7"},"img":{"alt_text":"","src":"https:\/\/i0.wp.com\/www.stefaneguilbaud.com\/blog\/wp-content\/uploads\/2023\/05\/pexels-ksenia-chernaya-4740522-studio.jpg?fit=800%2C435&ssl=1&resize=350%2C200","width":350,"height":200,"srcset":"https:\/\/i0.wp.com\/www.stefaneguilbaud.com\/blog\/wp-content\/uploads\/2023\/05\/pexels-ksenia-chernaya-4740522-studio.jpg?fit=800%2C435&ssl=1&resize=350%2C200 1x, https:\/\/i0.wp.com\/www.stefaneguilbaud.com\/blog\/wp-content\/uploads\/2023\/05\/pexels-ksenia-chernaya-4740522-studio.jpg?fit=800%2C435&ssl=1&resize=525%2C300 1.5x, https:\/\/i0.wp.com\/www.stefaneguilbaud.com\/blog\/wp-content\/uploads\/2023\/05\/pexels-ksenia-chernaya-4740522-studio.jpg?fit=800%2C435&ssl=1&resize=700%2C400 2x"},"classes":[]},{"id":3519,"url":"https:\/\/www.stefaneguilbaud.com\/blog\/?p=3519","url_meta":{"origin":1021,"position":5},"title":"Y a-t-il encore des produits sains dans les supermarch\u00e9s ?","author":"SG","date":"17 f\u00e9vrier 2021","format":false,"excerpt":"Dans le \"Journal Des Bonnes Nouvelles\", chaque mois, je r\u00e9pond \u00e0 une question pos\u00e9e par les lecteurs, voici celle de F\u00e9vrier 2021. [Sommaire des articles parus]. Question : Y a-t-il encore des produits sains dans les supermarch\u00e9s ? M\u00e9lanie, 57 ans, mari\u00e9e, grand-m\u00e8re. C\u2019est une question tr\u00e8s int\u00e9ressante, car elle\u2026","rel":"","context":"Dans &quot;Alimentation&quot;","block_context":{"text":"Alimentation","link":"https:\/\/www.stefaneguilbaud.com\/blog\/?cat=1"},"img":{"alt_text":"","src":"https:\/\/i0.wp.com\/www.stefaneguilbaud.com\/blog\/wp-content\/uploads\/2021\/08\/jdbn0221.jpg?fit=800%2C435&ssl=1&resize=350%2C200","width":350,"height":200,"srcset":"https:\/\/i0.wp.com\/www.stefaneguilbaud.com\/blog\/wp-content\/uploads\/2021\/08\/jdbn0221.jpg?fit=800%2C435&ssl=1&resize=350%2C200 1x, https:\/\/i0.wp.com\/www.stefaneguilbaud.com\/blog\/wp-content\/uploads\/2021\/08\/jdbn0221.jpg?fit=800%2C435&ssl=1&resize=525%2C300 1.5x, https:\/\/i0.wp.com\/www.stefaneguilbaud.com\/blog\/wp-content\/uploads\/2021\/08\/jdbn0221.jpg?fit=800%2C435&ssl=1&resize=700%2C400 2x"},"classes":[]}],"jetpack_likes_enabled":true,"_links":{"self":[{"href":"https:\/\/www.stefaneguilbaud.com\/blog\/index.php?rest_route=\/wp\/v2\/posts\/1021","targetHints":{"allow":["GET"]}}],"collection":[{"href":"https:\/\/www.stefaneguilbaud.com\/blog\/index.php?rest_route=\/wp\/v2\/posts"}],"about":[{"href":"https:\/\/www.stefaneguilbaud.com\/blog\/index.php?rest_route=\/wp\/v2\/types\/post"}],"author":[{"embeddable":true,"href":"https:\/\/www.stefaneguilbaud.com\/blog\/index.php?rest_route=\/wp\/v2\/users\/1"}],"replies":[{"embeddable":true,"href":"https:\/\/www.stefaneguilbaud.com\/blog\/index.php?rest_route=%2Fwp%2Fv2%2Fcomments&post=1021"}],"version-history":[{"count":4,"href":"https:\/\/www.stefaneguilbaud.com\/blog\/index.php?rest_route=\/wp\/v2\/posts\/1021\/revisions"}],"predecessor-version":[{"id":1026,"href":"https:\/\/www.stefaneguilbaud.com\/blog\/index.php?rest_route=\/wp\/v2\/posts\/1021\/revisions\/1026"}],"wp:featuredmedia":[{"embeddable":true,"href":"https:\/\/www.stefaneguilbaud.com\/blog\/index.php?rest_route=\/wp\/v2\/media\/62"}],"wp:attachment":[{"href":"https:\/\/www.stefaneguilbaud.com\/blog\/index.php?rest_route=%2Fwp%2Fv2%2Fmedia&parent=1021"}],"wp:term":[{"taxonomy":"category","embeddable":true,"href":"https:\/\/www.stefaneguilbaud.com\/blog\/index.php?rest_route=%2Fwp%2Fv2%2Fcategories&post=1021"},{"taxonomy":"post_tag","embeddable":true,"href":"https:\/\/www.stefaneguilbaud.com\/blog\/index.php?rest_route=%2Fwp%2Fv2%2Ftags&post=1021"}],"curies":[{"name":"wp","href":"https:\/\/api.w.org\/{rel}","templated":true}]}}